{"id":6463,"date":"2025-10-17T14:38:07","date_gmt":"2025-10-17T12:38:07","guid":{"rendered":"https:\/\/www.xarxalia.com\/actualitat\/alexa-el-nou-cervell-intelligent-damazon\/"},"modified":"2026-03-24T11:46:58","modified_gmt":"2026-03-24T09:46:58","slug":"alexa-plus-la-nova-intelligencia","status":"publish","type":"post","link":"https:\/\/www.xarxalia.com\/ca\/actualitat-2\/alexa-plus-la-nova-intelligencia\/","title":{"rendered":"Alexa+: el nou cervell intel\u00b7ligent d\u2019Amazon"},"content":{"rendered":"\t\t<div data-elementor-type=\"wp-post\" data-elementor-id=\"6463\" class=\"elementor elementor-6463 elementor-6379\" data-elementor-post-type=\"post\">\n\t\t\t\t<div class=\"elementor-element elementor-element-d8a0458 e-flex e-con-boxed e-con e-parent\" data-id=\"d8a0458\" data-element_type=\"container\" data-e-type=\"container\">\n\t\t\t\t\t<div class=\"e-con-inner\">\n\t\t<div class=\"elementor-element elementor-element-f610f8d e-con-full e-flex e-con e-child\" data-id=\"f610f8d\" data-element_type=\"container\" data-e-type=\"container\">\n\t\t<div class=\"elementor-element elementor-element-529da8f e-con-full e-flex e-con e-child\" data-id=\"529da8f\" data-element_type=\"container\" data-e-type=\"container\">\n\t\t\t\t<div class=\"elementor-element elementor-element-12ad8cc elementor-widget elementor-widget-heading\" data-id=\"12ad8cc\" data-element_type=\"widget\" data-e-type=\"widget\" data-widget_type=\"heading.default\">\n\t\t\t\t<div class=\"elementor-widget-container\">\n\t\t\t\t\t<h2 class=\"elementor-heading-title elementor-size-default\">Un anunci que marca un punt d\u2019inflexi\u00f3<\/h2>\t\t\t\t<\/div>\n\t\t\t\t<\/div>\n\t\t\t\t<div class=\"elementor-element elementor-element-422e633 elementor-widget elementor-widget-text-editor\" data-id=\"422e633\" data-element_type=\"widget\" data-e-type=\"widget\" data-widget_type=\"text-editor.default\">\n\t\t\t\t<div class=\"elementor-widget-container\">\n\t\t\t\t\t\t\t\t\t<p>Amazon ha tornat a moure les peces del tauler tecnol\u00f2gic amb un anunci que promet redefinir la interacci\u00f3 entre humans i m\u00e0quines.<br>El febrer del 2025, la companyia va presentar oficialment Alexa+, l\u2019evoluci\u00f3 del seu fam\u00f3s assistent de veu, ara potenciat per<strong> intel\u00b7lig\u00e8ncia artificial generativa<\/strong>.<\/p><p>El missatge va ser clar: \u201c<em>L\u2019Alexa deixa de respondre per comen\u00e7ar a pensar.<\/em>\u201d<br>Amb aquesta frase, Amazon va deixar entreveure que el seu objectiu va m\u00e9s enll\u00e0 de millorar l\u2019experi\u00e8ncia dom\u00e8stica: vol situar-se en el mateix terreny que ChatGPT, Gemini o Copilot, per\u00f2 amb un avantatge competitiu crucial \u2014una base de milions de dispositius ja presents a les llars d\u2019arreu del m\u00f3n.<\/p><p>La nova Alexa+ no es limita a executar ordres o reproduir m\u00fasica:<strong> ent\u00e9n el context, mant\u00e9 converses naturals i apr\u00e8n de l\u2019usuari.<\/strong><br>Segons l\u2019anunci oficial de la companyia, aquesta versi\u00f3 incorpora un model de llenguatge propi, desenvolupat sobre la infraestructura d\u2019Amazon Bedrock, que permet generar respostes m\u00e9s naturals i realitzar tasques encadenades amb autonomia.<\/p><p>El llan\u00e7ament va comen\u00e7ar<strong> amb una fase d\u2019acc\u00e9s anticipat (Early Access) disponible als Estats Units<\/strong>, i en q\u00fcesti\u00f3 de setmanes <strong>m\u00e9s de 100.000 usuaris<\/strong> ja estaven provant-ne les capacitats.<br>Per a l\u2019estiu del 2025, Amazon va confirmar que el nombre superava el <strong>mili\u00f3 d\u2019usuaris actius<\/strong>, convertint Alexa+ en el desplegament m\u00e9s r\u00e0pid d\u2019una versi\u00f3 d\u2019assistent en la hist\u00f2ria de la companyia.<\/p><p>M\u00e9s que una actualitzaci\u00f3, <strong>Alexa+ \u00e9s una reinvenci\u00f3 completa del concepte d\u2019assistent digital<\/strong>, i la seva arribada marca l\u2019inici d\u2019una nova compet\u00e8ncia global en el terreny de la intel\u00b7lig\u00e8ncia conversacional.<\/p>\t\t\t\t\t\t\t\t<\/div>\n\t\t\t\t<\/div>\n\t\t\t\t<div class=\"elementor-element elementor-element-dc26968 elementor-align-center elementor-widget elementor-widget-button\" data-id=\"dc26968\" data-element_type=\"widget\" data-e-type=\"widget\" data-widget_type=\"button.default\">\n\t\t\t\t<div class=\"elementor-widget-container\">\n\t\t\t\t\t\t\t\t\t<div class=\"elementor-button-wrapper\">\n\t\t\t\t\t<a class=\"elementor-button elementor-button-link elementor-size-sm\" href=\"https:\/\/www.xarxalia.com\/ca\/actualitat\/ia-agenica-halloween\/\">\n\t\t\t\t\t\t<span class=\"elementor-button-content-wrapper\">\n\t\t\t\t\t\t\t\t\t<span class=\"elementor-button-text\">IA ag\u00e8nica?<\/span>\n\t\t\t\t\t<\/span>\n\t\t\t\t\t<\/a>\n\t\t\t\t<\/div>\n\t\t\t\t\t\t\t\t<\/div>\n\t\t\t\t<\/div>\n\t\t\t\t<\/div>\n\t\t\t\t<\/div>\n\t\t<div class=\"elementor-element elementor-element-455ed82 e-con-full e-flex e-con e-child\" data-id=\"455ed82\" data-element_type=\"container\" data-e-type=\"container\">\n\t\t<div class=\"elementor-element elementor-element-bca73e1 e-con-full e-flex e-con e-child\" data-id=\"bca73e1\" data-element_type=\"container\" data-e-type=\"container\">\n\t\t\t\t<div class=\"elementor-element elementor-element-9ff8d9a elementor-widget elementor-widget-image\" data-id=\"9ff8d9a\" data-element_type=\"widget\" data-e-type=\"widget\" data-widget_type=\"image.default\">\n\t\t\t\t<div class=\"elementor-widget-container\">\n\t\t\t\t\t\t\t\t\t\t\t\t\t\t\t<img fetchpriority=\"high\" decoding=\"async\" width=\"576\" height=\"1024\" src=\"https:\/\/www.xarxalia.com\/images\/alexa-un-punto-de-inflexion.jpg\" class=\"attachment-large size-large wp-image-6381\" alt=\"Alexa + es un punto de inflexi\u00f3n\" \/>\t\t\t\t\t\t\t\t\t\t\t\t\t\t\t<\/div>\n\t\t\t\t<\/div>\n\t\t\t\t<\/div>\n\t\t\t\t<\/div>\n\t\t\t\t\t<\/div>\n\t\t\t\t<\/div>\n\t\t<div class=\"elementor-element elementor-element-6020b7c e-flex e-con-boxed e-con e-parent\" data-id=\"6020b7c\" data-element_type=\"container\" data-e-type=\"container\">\n\t\t\t\t\t<div class=\"e-con-inner\">\n\t\t\t\t<div class=\"elementor-element elementor-element-657d9c4 elementor-widget elementor-widget-heading\" data-id=\"657d9c4\" data-element_type=\"widget\" data-e-type=\"widget\" data-widget_type=\"heading.default\">\n\t\t\t\t<div class=\"elementor-widget-container\">\n\t\t\t\t\t<h2 class=\"elementor-heading-title elementor-size-default\">Qu\u00e8 \u00e9s Alexa+ i en qu\u00e8 es diferencia de l\u2019assistent tradicional<\/h2>\t\t\t\t<\/div>\n\t\t\t\t<\/div>\n\t\t\t\t<div class=\"elementor-element elementor-element-073bf05 elementor-widget elementor-widget-text-editor\" data-id=\"073bf05\" data-element_type=\"widget\" data-e-type=\"widget\" data-widget_type=\"text-editor.default\">\n\t\t\t\t<div class=\"elementor-widget-container\">\n\t\t\t\t\t\t\t\t\t<p>Durant anys,<strong> Alexa <\/strong>va ser sin\u00f2nim de comoditat: encendre llums, reproduir m\u00fasica o llegir el butllet\u00ed meteorol\u00f2gic amb una simple ordre de veu.<br>Tanmateix,<strong> Alexa+<\/strong> trenca completament amb aquest model de \u201cpregunta i resposta\u201d.<br>Amazon el presenta com un <strong>assistent amb intel\u00b7lig\u00e8ncia artificial generativa<\/strong>, capa\u00e7 de mantenir converses naturals, entendre el context i actuar amb autonomia.<\/p><p>A nivell t\u00e8cnic, el canvi \u00e9s profund.<br>Alexa+ integra un nou cervell basat en<strong> Amazon Bedrock<\/strong>, la infraestructura que permet a la companyia desplegar <strong>models de llenguatge propis<\/strong> (com Titan) combinats amb tecnologia d\u2019aprenentatge contextual i raonament conversacional.<br>En altres paraules,<strong> ja no interpreta ordres: les compr\u00e8n<\/strong>.<\/p><p>Aix\u00f2 li permet fer quelcom in\u00e8dit fins ara en un assistent dom\u00e8stic:<br>recordar interaccions passades, identificar les prefer\u00e8ncies de l\u2019usuari i fins i tot anticipar accions sense necessitat d\u2019instruccions expl\u00edcites.<br>Per exemple, pot suggerir-te ajustar la il\u00b7luminaci\u00f3 si detecta que sempre ho fas a una hora determinada, o recomanar-te contingut segons els teus h\u00e0bits.<\/p><p>Una altra difer\u00e8ncia important \u00e9s en la <strong>seva manera d\u2019interacci\u00f3<\/strong>.<br>Mentre que l\u2019Alexa original depenia d\u2019ordres r\u00edgides (\u201cAlexa, posa l\u2019alarma a les set\u201d), el nou sistema permet parlar amb naturalitat:<\/p><blockquote><p>\u201cAlexa, crec que dem\u00e0 em llevo d\u2019hora\u2026 recorda\u2019m llevar-me aviat i preparar caf\u00e8.\u201d<br>i la IA ent\u00e9n la intenci\u00f3, ajusta l\u2019alarma i activa la rutina adequada sense m\u00e9s instruccions.<\/p><\/blockquote><p>A m\u00e9s, <strong>Alexa+ \u00e9s multimodal<\/strong>: pot combinar veu, text i fins i tot imatge en els dispositius amb pantalla, com els <strong>Echo Show 8, 10, 15 i 21<\/strong>.<br>Aix\u00f2 significa que no nom\u00e9s escolta, sin\u00f3 que<strong> veu i respon visualment<\/strong>: pot identificar objectes, mostrar informaci\u00f3 contextual o ensenyar com fer una recepta pas a pas.<\/p><p>El salt no \u00e9s nom\u00e9s tecnol\u00f2gic, sin\u00f3 conceptual.<br>L\u2019Alexa deixa de ser un assistent per convertir-se <strong>en una companya intel\u00b7ligent<\/strong>, una IA amb la qual es pot conversar, improvisar i aprendre.<\/p>\t\t\t\t\t\t\t\t<\/div>\n\t\t\t\t<\/div>\n\t\t\t\t\t<\/div>\n\t\t\t\t<\/div>\n\t\t<div class=\"elementor-element elementor-element-d0ca64c e-flex e-con-boxed e-con e-parent\" data-id=\"d0ca64c\" data-element_type=\"container\" data-e-type=\"container\" data-settings=\"{&quot;background_background&quot;:&quot;classic&quot;}\">\n\t\t\t\t\t<div class=\"e-con-inner\">\n\t\t\t\t<div class=\"elementor-element elementor-element-93c0323 elementor-widget elementor-widget-heading\" data-id=\"93c0323\" data-element_type=\"widget\" data-e-type=\"widget\" data-widget_type=\"heading.default\">\n\t\t\t\t<div class=\"elementor-widget-container\">\n\t\t\t\t\t<h2 class=\"elementor-heading-title elementor-size-default\">Caracter\u00edstiques principals i novetats m\u00e9s destacades de Alexa+<\/h2>\t\t\t\t<\/div>\n\t\t\t\t<\/div>\n\t\t\t\t<div class=\"elementor-element elementor-element-04c9822 elementor-widget elementor-widget-text-editor\" data-id=\"04c9822\" data-element_type=\"widget\" data-e-type=\"widget\" data-widget_type=\"text-editor.default\">\n\t\t\t\t<div class=\"elementor-widget-container\">\n\t\t\t\t\t\t\t\t\t<p>El salt d\u2019Alexa a <strong>Alexa+<\/strong> no \u00e9s nom\u00e9s una q\u00fcesti\u00f3 de programari.<br>Amazon ha redissenyat completament l\u2019experi\u00e8ncia d\u2019\u00fas, integrant la seva nova IA generativa per oferir una interacci\u00f3 <strong>m\u00e9s humana<\/strong>, <strong>m\u00e9s contextual i m\u00e9s \u00fatil<\/strong>.<br>Aquestes s\u00f3n les funcions que marquen la difer\u00e8ncia:<\/p>\t\t\t\t\t\t\t\t<\/div>\n\t\t\t\t<\/div>\n\t\t<div class=\"elementor-element elementor-element-ae7be01 e-grid e-con-full e-con e-child\" data-id=\"ae7be01\" data-element_type=\"container\" data-e-type=\"container\">\n\t\t<div class=\"elementor-element elementor-element-b45b361 e-con-full e-flex e-con e-child\" data-id=\"b45b361\" data-element_type=\"container\" data-e-type=\"container\">\n\t\t\t\t<div class=\"elementor-element elementor-element-145c725 elementor-widget elementor-widget-heading\" data-id=\"145c725\" data-element_type=\"widget\" data-e-type=\"widget\" data-widget_type=\"heading.default\">\n\t\t\t\t<div class=\"elementor-widget-container\">\n\t\t\t\t\t<h4 class=\"elementor-heading-title elementor-size-default\">Conversa natural i contextual<\/h4>\t\t\t\t<\/div>\n\t\t\t\t<\/div>\n\t\t\t\t<div class=\"elementor-element elementor-element-de28bb2 elementor-widget elementor-widget-text-editor\" data-id=\"de28bb2\" data-element_type=\"widget\" data-e-type=\"widget\" data-widget_type=\"text-editor.default\">\n\t\t\t\t<div class=\"elementor-widget-container\">\n\t\t\t\t\t\t\t\t\t<p>L\u2019Alexa+ ja no dep\u00e8n d\u2019ordres espec\u00edfiques.<br>L\u2019usuari pot parlar-li com ho faria amb una persona, amb frases naturals i sense repetir \u201cAlexa\u201d constantment.<br>La IA ent\u00e9n el context de les converses i recorda el que s\u2019ha dit pr\u00e8viament.<\/p><p><strong>Exemple<\/strong>:<\/p><blockquote><p>\u201cAlexa, recorda\u2019m all\u00f2 d\u2019ahir amb la Marta.\u201d<br>\u2013 \u201c\u00c9s clar, vols que et recordi la reuni\u00f3 de dimarts o el missatge pendent?\u201d<\/p><\/blockquote><p>Aquesta comprensi\u00f3 contextual \u00e9s possible gr\u00e0cies al nou model de llenguatge integrat a<strong> Amazon Bedrock<\/strong>, que dota l\u2019Alexa+ de mem\u00f2ria conversacional.<\/p>\t\t\t\t\t\t\t\t<\/div>\n\t\t\t\t<\/div>\n\t\t\t\t<\/div>\n\t\t<div class=\"elementor-element elementor-element-fcaa742 e-con-full e-flex e-con e-child\" data-id=\"fcaa742\" data-element_type=\"container\" data-e-type=\"container\">\n\t\t\t\t<div class=\"elementor-element elementor-element-cfe00c5 elementor-widget elementor-widget-image\" data-id=\"cfe00c5\" data-element_type=\"widget\" data-e-type=\"widget\" data-widget_type=\"image.default\">\n\t\t\t\t<div class=\"elementor-widget-container\">\n\t\t\t\t\t\t\t\t\t\t\t\t\t\t\t<img decoding=\"async\" width=\"300\" height=\"300\" src=\"https:\/\/www.xarxalia.com\/images\/amazon-alexa-conversacion-natural-y-contextual.gif\" class=\"attachment-medium size-medium wp-image-6411\" alt=\"Amazon Alexa+ conversaci\u00f3n natural y contextual\" \/>\t\t\t\t\t\t\t\t\t\t\t\t\t\t\t<\/div>\n\t\t\t\t<\/div>\n\t\t\t\t<\/div>\n\t\t\t\t<\/div>\n\t\t<div class=\"elementor-element elementor-element-d410209 e-grid e-con-full e-con e-child\" data-id=\"d410209\" data-element_type=\"container\" data-e-type=\"container\">\n\t\t<div class=\"elementor-element elementor-element-601dbf6 e-con-full e-flex e-con e-child\" data-id=\"601dbf6\" data-element_type=\"container\" data-e-type=\"container\">\n\t\t\t\t<div class=\"elementor-element elementor-element-f588eaa elementor-widget elementor-widget-image\" data-id=\"f588eaa\" data-element_type=\"widget\" data-e-type=\"widget\" data-widget_type=\"image.default\">\n\t\t\t\t<div class=\"elementor-widget-container\">\n\t\t\t\t\t\t\t\t\t\t\t\t\t\t\t<img decoding=\"async\" width=\"300\" height=\"300\" src=\"https:\/\/www.xarxalia.com\/images\/amazon-alexa-memoria.gif\" class=\"attachment-medium size-medium wp-image-6399\" alt=\"Memoria personalizada y aprendizaje continuo\" \/>\t\t\t\t\t\t\t\t\t\t\t\t\t\t\t<\/div>\n\t\t\t\t<\/div>\n\t\t\t\t<\/div>\n\t\t<div class=\"elementor-element elementor-element-703f98b e-con-full e-flex e-con e-child\" data-id=\"703f98b\" data-element_type=\"container\" data-e-type=\"container\">\n\t\t\t\t<div class=\"elementor-element elementor-element-ecaa579 elementor-widget elementor-widget-heading\" data-id=\"ecaa579\" data-element_type=\"widget\" data-e-type=\"widget\" data-widget_type=\"heading.default\">\n\t\t\t\t<div class=\"elementor-widget-container\">\n\t\t\t\t\t<h4 class=\"elementor-heading-title elementor-size-default\">Mem\u00f2ria personalitzada i aprenentatge continu<\/h4>\t\t\t\t<\/div>\n\t\t\t\t<\/div>\n\t\t\t\t<div class=\"elementor-element elementor-element-2811165 elementor-widget elementor-widget-text-editor\" data-id=\"2811165\" data-element_type=\"widget\" data-e-type=\"widget\" data-widget_type=\"text-editor.default\">\n\t\t\t\t<div class=\"elementor-widget-container\">\n\t\t\t\t\t\t\t\t\t<p>L\u2019Alexa+ pot recordar prefer\u00e8ncies, noms, gustos o h\u00e0bits.<br>Aix\u00f2 permet personalitzar l\u2019experi\u00e8ncia de cada usuari sense necessitat de repetir la mateixa informaci\u00f3.<br>Per exemple, pot suggerir-te encendre la calefacci\u00f3 quan detecta que sempre ho fas a una hora determinada o recomanar-te una s\u00e8rie segons els teus gustos previs.<\/p><p>Important: Amazon assegura que els usuaris podran gestionar i eliminar la seva mem\u00f2ria en qualsevol moment des de l\u2019aplicaci\u00f3 Alexa, mantenint el control sobre la privadesa.<\/p>\t\t\t\t\t\t\t\t<\/div>\n\t\t\t\t<\/div>\n\t\t\t\t<\/div>\n\t\t\t\t<\/div>\n\t\t<div class=\"elementor-element elementor-element-9d5ba46 e-grid e-con-full e-con e-child\" data-id=\"9d5ba46\" data-element_type=\"container\" data-e-type=\"container\">\n\t\t<div class=\"elementor-element elementor-element-ef4a33e e-con-full e-flex e-con e-child\" data-id=\"ef4a33e\" data-element_type=\"container\" data-e-type=\"container\">\n\t\t\t\t<div class=\"elementor-element elementor-element-27c5e5e elementor-widget elementor-widget-heading\" data-id=\"27c5e5e\" data-element_type=\"widget\" data-e-type=\"widget\" data-widget_type=\"heading.default\">\n\t\t\t\t<div class=\"elementor-widget-container\">\n\t\t\t\t\t<h4 class=\"elementor-heading-title elementor-size-default\">Execuci\u00f3 de tasques complexes<\/h4>\t\t\t\t<\/div>\n\t\t\t\t<\/div>\n\t\t\t\t<div class=\"elementor-element elementor-element-55b2444 elementor-widget elementor-widget-text-editor\" data-id=\"55b2444\" data-element_type=\"widget\" data-e-type=\"widget\" data-widget_type=\"text-editor.default\">\n\t\t\t\t<div class=\"elementor-widget-container\">\n\t\t\t\t\t\t\t\t\t<p>Amb l\u2019Alexa+ pots realitzar <strong>tasques encadenades sense passos intermedis.<\/strong><br>Abans, havies d\u2019activar rutines predefinides.<br>Ara, n\u2019hi ha prou amb explicar-li qu\u00e8 necessites i la IA construeix l\u2019acci\u00f3 completa per si sola.<\/p><p><strong>Exemple:<\/strong><\/p><blockquote><p>\u201cAlexa, dem\u00e0 tindr\u00e9 convidats al vespre.\u201d<br>\u2014 La IA ajusta la il\u00b7luminaci\u00f3, posa m\u00fasica ambiental, suggereix receptes i programa recordatoris.<\/p><\/blockquote><p>Un nivell d\u2019automatitzaci\u00f3 que l\u2019apropa m\u00e9s a una IA dom\u00e8stica proactiva que a un simple assistent de veu.<\/p>\t\t\t\t\t\t\t\t<\/div>\n\t\t\t\t<\/div>\n\t\t\t\t<\/div>\n\t\t<div class=\"elementor-element elementor-element-26fd733 e-con-full e-flex e-con e-child\" data-id=\"26fd733\" data-element_type=\"container\" data-e-type=\"container\">\n\t\t\t\t<div class=\"elementor-element elementor-element-704b6fa elementor-widget elementor-widget-image\" data-id=\"704b6fa\" data-element_type=\"widget\" data-e-type=\"widget\" data-widget_type=\"image.default\">\n\t\t\t\t<div class=\"elementor-widget-container\">\n\t\t\t\t\t\t\t\t\t\t\t\t\t\t\t<img loading=\"lazy\" decoding=\"async\" width=\"300\" height=\"300\" src=\"https:\/\/www.xarxalia.com\/images\/amazon-alexa-tareas-complejas.gif\" class=\"attachment-medium size-medium wp-image-6396\" alt=\"Ejecuci\u00f3n de tareas complejas\" \/>\t\t\t\t\t\t\t\t\t\t\t\t\t\t\t<\/div>\n\t\t\t\t<\/div>\n\t\t\t\t<\/div>\n\t\t\t\t<\/div>\n\t\t<div class=\"elementor-element elementor-element-0df42b4 e-grid e-con-full e-con e-child\" data-id=\"0df42b4\" data-element_type=\"container\" data-e-type=\"container\">\n\t\t<div class=\"elementor-element elementor-element-28b4f72 e-con-full e-flex e-con e-child\" data-id=\"28b4f72\" data-element_type=\"container\" data-e-type=\"container\">\n\t\t\t\t<div class=\"elementor-element elementor-element-48b8ea8 elementor-widget elementor-widget-image\" data-id=\"48b8ea8\" data-element_type=\"widget\" data-e-type=\"widget\" data-widget_type=\"image.default\">\n\t\t\t\t<div class=\"elementor-widget-container\">\n\t\t\t\t\t\t\t\t\t\t\t\t\t\t\t<img loading=\"lazy\" decoding=\"async\" width=\"300\" height=\"300\" src=\"https:\/\/www.xarxalia.com\/images\/amazon-alexa-interaccion-multimodal-voz-texto-imagen.gif\" class=\"attachment-medium size-medium wp-image-6402\" alt=\"Amazon Alexa+ Interacci\u00f3n Multimodal Voz, Texto e Imagen\" \/>\t\t\t\t\t\t\t\t\t\t\t\t\t\t\t<\/div>\n\t\t\t\t<\/div>\n\t\t\t\t<\/div>\n\t\t<div class=\"elementor-element elementor-element-fe8d558 e-con-full e-flex e-con e-child\" data-id=\"fe8d558\" data-element_type=\"container\" data-e-type=\"container\">\n\t\t\t\t<div class=\"elementor-element elementor-element-74d361c elementor-widget elementor-widget-heading\" data-id=\"74d361c\" data-element_type=\"widget\" data-e-type=\"widget\" data-widget_type=\"heading.default\">\n\t\t\t\t<div class=\"elementor-widget-container\">\n\t\t\t\t\t<h4 class=\"elementor-heading-title elementor-size-default\">Interacci\u00f3 multimodal (veu, text i imatge)<\/h4>\t\t\t\t<\/div>\n\t\t\t\t<\/div>\n\t\t\t\t<div class=\"elementor-element elementor-element-b6373b5 elementor-widget elementor-widget-text-editor\" data-id=\"b6373b5\" data-element_type=\"widget\" data-e-type=\"widget\" data-widget_type=\"text-editor.default\">\n\t\t\t\t<div class=\"elementor-widget-container\">\n\t\t\t\t\t\t\t\t\t<p>En els dispositius<strong> Echo Show<\/strong>, l\u2019Alexa+ pot<strong> combinar veu amb elements visuals<\/strong>: mostrar gr\u00e0fics, recon\u00e8ixer objectes o explicar visualment una acci\u00f3.<\/p><p><strong>Exemple:<\/strong><\/p><blockquote><p>\u201cAlexa, ensenya\u2019m com es canvia un filtre de caf\u00e8.\u201d<br>\u2013 Mostra un v\u00eddeo explicatiu o una seq\u00fc\u00e8ncia de passos il\u00b7lustrada.<\/p><\/blockquote><p>Aix\u00f2 obre la porta a experi\u00e8ncies educatives, tutorials interactius i comunicaci\u00f3 visual personalitzada.<\/p>\t\t\t\t\t\t\t\t<\/div>\n\t\t\t\t<\/div>\n\t\t\t\t<\/div>\n\t\t\t\t<\/div>\n\t\t<div class=\"elementor-element elementor-element-5eda3d0 e-grid e-con-full e-con e-child\" data-id=\"5eda3d0\" data-element_type=\"container\" data-e-type=\"container\">\n\t\t<div class=\"elementor-element elementor-element-c13faf7 e-con-full e-flex e-con e-child\" data-id=\"c13faf7\" data-element_type=\"container\" data-e-type=\"container\">\n\t\t\t\t<div class=\"elementor-element elementor-element-e1071d8 elementor-widget elementor-widget-heading\" data-id=\"e1071d8\" data-element_type=\"widget\" data-e-type=\"widget\" data-widget_type=\"heading.default\">\n\t\t\t\t<div class=\"elementor-widget-container\">\n\t\t\t\t\t<h4 class=\"elementor-heading-title elementor-size-default\">Reconeixement visual i adaptaci\u00f3 per usuari<\/h4>\t\t\t\t<\/div>\n\t\t\t\t<\/div>\n\t\t\t\t<div class=\"elementor-element elementor-element-e34e1de elementor-widget elementor-widget-text-editor\" data-id=\"e34e1de\" data-element_type=\"widget\" data-e-type=\"widget\" data-widget_type=\"text-editor.default\">\n\t\t\t\t<div class=\"elementor-widget-container\">\n\t\t\t\t\t\t\t\t\t<p>Gr\u00e0cies a les c\u00e0meres integrades en alguns models, l\u2019Alexa+ pot identificar qui est\u00e0 parlant i adaptar la resposta al perfil de l\u2019usuari.<br>Aix\u00f2 significa que pot oferir<strong> respostes personalitzades<\/strong> per a cada membre de la fam\u00edlia: des de llistes de tasques fins a recomanacions de m\u00fasica o calendari.<\/p>\t\t\t\t\t\t\t\t<\/div>\n\t\t\t\t<\/div>\n\t\t\t\t<\/div>\n\t\t<div class=\"elementor-element elementor-element-ba54549 e-con-full e-flex e-con e-child\" data-id=\"ba54549\" data-element_type=\"container\" data-e-type=\"container\">\n\t\t\t\t<div class=\"elementor-element elementor-element-e829036 elementor-widget elementor-widget-image\" data-id=\"e829036\" data-element_type=\"widget\" data-e-type=\"widget\" data-widget_type=\"image.default\">\n\t\t\t\t<div class=\"elementor-widget-container\">\n\t\t\t\t\t\t\t\t\t\t\t\t\t\t\t<img loading=\"lazy\" decoding=\"async\" width=\"300\" height=\"300\" src=\"https:\/\/www.xarxalia.com\/images\/amazon-alexa-reconocimiento-visual-y-adaptacion-por-usuario.gif\" class=\"attachment-medium size-medium wp-image-6405\" alt=\"Amazon Alexa+ reconocimiento visual y adaptaci\u00f3n por usuario\" \/>\t\t\t\t\t\t\t\t\t\t\t\t\t\t\t<\/div>\n\t\t\t\t<\/div>\n\t\t\t\t<\/div>\n\t\t\t\t<\/div>\n\t\t<div class=\"elementor-element elementor-element-dc26b7f e-grid e-con-full e-con e-child\" data-id=\"dc26b7f\" data-element_type=\"container\" data-e-type=\"container\">\n\t\t<div class=\"elementor-element elementor-element-3ff248d e-con-full e-flex e-con e-child\" data-id=\"3ff248d\" data-element_type=\"container\" data-e-type=\"container\">\n\t\t\t\t<div class=\"elementor-element elementor-element-6724d2b elementor-widget elementor-widget-image\" data-id=\"6724d2b\" data-element_type=\"widget\" data-e-type=\"widget\" data-widget_type=\"image.default\">\n\t\t\t\t<div class=\"elementor-widget-container\">\n\t\t\t\t\t\t\t\t\t\t\t\t\t\t\t<img loading=\"lazy\" decoding=\"async\" width=\"300\" height=\"300\" src=\"https:\/\/www.xarxalia.com\/images\/integracion-completa-con-el-hogar-inteligente.gif\" class=\"attachment-medium size-medium wp-image-6408\" alt=\"Amazon Alexa+ integraci\u00f3n completa con el hogar inteligente\" \/>\t\t\t\t\t\t\t\t\t\t\t\t\t\t\t<\/div>\n\t\t\t\t<\/div>\n\t\t\t\t<\/div>\n\t\t<div class=\"elementor-element elementor-element-d7d6bc4 e-con-full e-flex e-con e-child\" data-id=\"d7d6bc4\" data-element_type=\"container\" data-e-type=\"container\">\n\t\t\t\t<div class=\"elementor-element elementor-element-4636aaa elementor-widget elementor-widget-heading\" data-id=\"4636aaa\" data-element_type=\"widget\" data-e-type=\"widget\" data-widget_type=\"heading.default\">\n\t\t\t\t<div class=\"elementor-widget-container\">\n\t\t\t\t\t<h4 class=\"elementor-heading-title elementor-size-default\">Interacci\u00f3 multimodal (veu, text i imatge)<\/h4>\t\t\t\t<\/div>\n\t\t\t\t<\/div>\n\t\t\t\t<div class=\"elementor-element elementor-element-514acf8 elementor-widget elementor-widget-text-editor\" data-id=\"514acf8\" data-element_type=\"widget\" data-e-type=\"widget\" data-widget_type=\"text-editor.default\">\n\t\t\t\t<div class=\"elementor-widget-container\">\n\t\t\t\t\t\t\t\t\t<p>En els dispositius<strong> Echo Show<\/strong>, l\u2019Alexa+ pot<strong> combinar veu amb elements visuals<\/strong>: mostrar gr\u00e0fics, recon\u00e8ixer objectes o explicar visualment una acci\u00f3.<\/p><p><strong>Exemple:<\/strong><\/p><blockquote><p>\u201cAlexa, ensenya\u2019m com es canvia un filtre de caf\u00e8.\u201d<br>\u2013 Mostra un v\u00eddeo explicatiu o una seq\u00fc\u00e8ncia de passos il\u00b7lustrada.<\/p><\/blockquote><p>Aix\u00f2 obre la porta a experi\u00e8ncies educatives, tutorials interactius i comunicaci\u00f3 visual personalitzada.<\/p>\t\t\t\t\t\t\t\t<\/div>\n\t\t\t\t<\/div>\n\t\t\t\t<\/div>\n\t\t\t\t<\/div>\n\t\t\t\t<div class=\"elementor-element elementor-element-93a3245 elementor-widget elementor-widget-text-editor\" data-id=\"93a3245\" data-element_type=\"widget\" data-e-type=\"widget\" data-widget_type=\"text-editor.default\">\n\t\t\t\t<div class=\"elementor-widget-container\">\n\t\t\t\t\t\t\t\t\t<p>En conjunt, aquestes millores converteixen l\u2019Alexa+ en un<strong> ecosistema d\u2019assist\u00e8ncia conversacional real<\/strong>, capa\u00e7 de combinar IA generativa, automatitzaci\u00f3 i personalitzaci\u00f3 en un mateix entorn dom\u00e8stic.<\/p>\t\t\t\t\t\t\t\t<\/div>\n\t\t\t\t<\/div>\n\t\t\t\t\t<\/div>\n\t\t\t\t<\/div>\n\t\t<div class=\"elementor-element elementor-element-fd734f6 e-flex e-con-boxed e-con e-parent\" data-id=\"fd734f6\" data-element_type=\"container\" data-e-type=\"container\">\n\t\t\t\t\t<div class=\"e-con-inner\">\n\t\t\t\t<div class=\"elementor-element elementor-element-ae384d2 elementor-widget elementor-widget-heading\" data-id=\"ae384d2\" data-element_type=\"widget\" data-e-type=\"widget\" data-widget_type=\"heading.default\">\n\t\t\t\t<div class=\"elementor-widget-container\">\n\t\t\t\t\t<h2 class=\"elementor-heading-title elementor-size-default\">Disponibilitat, dispositius i preu<\/h2>\t\t\t\t<\/div>\n\t\t\t\t<\/div>\n\t\t\t\t<div class=\"elementor-element elementor-element-42aab42 elementor-widget elementor-widget-text-editor\" data-id=\"42aab42\" data-element_type=\"widget\" data-e-type=\"widget\" data-widget_type=\"text-editor.default\">\n\t\t\t\t<div class=\"elementor-widget-container\">\n\t\t\t\t\t\t\t\t\t<p>El llan\u00e7ament d\u2019<strong>Alexa+ <\/strong>es va anunciar oficialment el <strong>febrer del 2025<\/strong>, durant l\u2019esdeveniment anual d\u2019Amazon dedicat a la innovaci\u00f3 i als dispositius intel\u00b7ligents.<br>Des de llavors, la companyia ha iniciat un <strong>desplegament progressiu<\/strong> que va comen\u00e7ar als Estats Units i s\u2019estendr\u00e0 de manera escalonada a altres pa\u00efsos al llarg dels pr\u00f2xims mesos.<\/p>\t\t\t\t\t\t\t\t<\/div>\n\t\t\t\t<\/div>\n\t\t<div class=\"elementor-element elementor-element-a6e8a58 e-con-full e-flex e-con e-child\" data-id=\"a6e8a58\" data-element_type=\"container\" data-e-type=\"container\">\n\t\t\t\t<div class=\"elementor-element elementor-element-8f190f5 elementor-widget elementor-widget-heading\" data-id=\"8f190f5\" data-element_type=\"widget\" data-e-type=\"widget\" data-widget_type=\"heading.default\">\n\t\t\t\t<div class=\"elementor-widget-container\">\n\t\t\t\t\t<h3 class=\"elementor-heading-title elementor-size-default\">Desplegament per fases<\/h3>\t\t\t\t<\/div>\n\t\t\t\t<\/div>\n\t\t\t\t<div class=\"elementor-element elementor-element-18e1350 elementor-widget elementor-widget-text-editor\" data-id=\"18e1350\" data-element_type=\"widget\" data-e-type=\"widget\" data-widget_type=\"text-editor.default\">\n\t\t\t\t<div class=\"elementor-widget-container\">\n\t\t\t\t\t\t\t\t\t<ul><li><strong>Estats Units:<\/strong> fase Early Access iniciada al febrer, disponible per a un grup seleccionat d\u2019usuaris.<\/li><li><strong>Am\u00e8rica Llatina i Europa: <\/strong>Amazon ha confirmat que la versi\u00f3 internacional es llan\u00e7ar\u00e0 durant el 2026, comen\u00e7ant pel Regne Unit, Alemanya i Espanya.<\/li><li><strong>Idiomes compatibles: <\/strong>de moment nom\u00e9s en angl\u00e8s; s\u2019espera compatibilitat amb l\u2019espanyol, l\u2019alemany, el franc\u00e8s i l\u2019itali\u00e0 en la segona fase.<\/li><\/ul><p>Segons dades publicades per The Verge i Cinco D\u00edas, l\u2019Alexa+ va assolir m\u00e9s d\u20191 mili\u00f3 d\u2019usuaris actius durant el seu primer semestre, fet que confirma l\u2019inter\u00e8s global per aquesta nova generaci\u00f3 d\u2019assistents intel\u00b7ligents.<\/p>\t\t\t\t\t\t\t\t<\/div>\n\t\t\t\t<\/div>\n\t\t\t\t<\/div>\n\t\t<div class=\"elementor-element elementor-element-9539dc9 e-con-full e-flex e-con e-child\" data-id=\"9539dc9\" data-element_type=\"container\" data-e-type=\"container\">\n\t\t<div class=\"elementor-element elementor-element-3ffe821 e-grid e-con-full e-con e-child\" data-id=\"3ffe821\" data-element_type=\"container\" data-e-type=\"container\">\n\t\t<div class=\"elementor-element elementor-element-033ead6 e-con-full e-flex e-con e-child\" data-id=\"033ead6\" data-element_type=\"container\" data-e-type=\"container\">\n\t\t\t\t<div class=\"elementor-element elementor-element-1a8d5db elementor-widget elementor-widget-image\" data-id=\"1a8d5db\" data-element_type=\"widget\" data-e-type=\"widget\" data-widget_type=\"image.default\">\n\t\t\t\t<div class=\"elementor-widget-container\">\n\t\t\t\t\t\t\t\t\t\t\t\t\t\t\t<img loading=\"lazy\" decoding=\"async\" width=\"500\" height=\"500\" src=\"https:\/\/www.xarxalia.com\/images\/amazon-alexa-echo.jpg\" class=\"attachment-large size-large wp-image-6384\" alt=\"Dispositivos Amazon Echo\" \/>\t\t\t\t\t\t\t\t\t\t\t\t\t\t\t<\/div>\n\t\t\t\t<\/div>\n\t\t\t\t<\/div>\n\t\t<div class=\"elementor-element elementor-element-7441891 e-con-full e-flex e-con e-child\" data-id=\"7441891\" data-element_type=\"container\" data-e-type=\"container\">\n\t\t\t\t<div class=\"elementor-element elementor-element-c2816dc elementor-widget elementor-widget-heading\" data-id=\"c2816dc\" data-element_type=\"widget\" data-e-type=\"widget\" data-widget_type=\"heading.default\">\n\t\t\t\t<div class=\"elementor-widget-container\">\n\t\t\t\t\t<h3 class=\"elementor-heading-title elementor-size-default\">Dispositius compatibles<\/h3>\t\t\t\t<\/div>\n\t\t\t\t<\/div>\n\t\t\t\t<div class=\"elementor-element elementor-element-78e74e0 elementor-widget elementor-widget-text-editor\" data-id=\"78e74e0\" data-element_type=\"widget\" data-e-type=\"widget\" data-widget_type=\"text-editor.default\">\n\t\t\t\t<div class=\"elementor-widget-container\">\n\t\t\t\t\t\t\t\t\t<p>En el seu llan\u00e7ament, l\u2019Alexa+ nom\u00e9s est\u00e0 disponible en alguns dispositius de la gamma Echo Show de nova generaci\u00f3: <strong>Echo Show 8 (3a gen), Echo Show 10 (2a gen), Echo Show 15 i Echo Show 21<\/strong>. Amazon ha explicat que <strong>els models m\u00e9s antics no seran actualitzables <\/strong>a l\u2019Alexa+, a causa dels requisits de maquinari necessaris per executar el nou model d\u2019IA generativa.<br>Tanmateix, els dispositius anteriors continuaran rebent suport sota l\u2019<strong>Alexa cl\u00e0ssic,<\/strong> que coexistir\u00e0 amb l\u2019Alexa+ durant un temps. <\/p>\t\t\t\t\t\t\t\t<\/div>\n\t\t\t\t<\/div>\n\t\t\t\t<\/div>\n\t\t\t\t<\/div>\n\t\t\t\t<\/div>\n\t\t<div class=\"elementor-element elementor-element-a1b5601 e-con-full e-flex e-con e-child\" data-id=\"a1b5601\" data-element_type=\"container\" data-e-type=\"container\">\n\t\t\t\t<div class=\"elementor-element elementor-element-fea7f07 elementor-widget elementor-widget-heading\" data-id=\"fea7f07\" data-element_type=\"widget\" data-e-type=\"widget\" data-widget_type=\"heading.default\">\n\t\t\t\t<div class=\"elementor-widget-container\">\n\t\t\t\t\t<h3 class=\"elementor-heading-title elementor-size-default\">Model de subscripci\u00f3<\/h3>\t\t\t\t<\/div>\n\t\t\t\t<\/div>\n\t\t\t\t<div class=\"elementor-element elementor-element-4e1c3a4 elementor-widget elementor-widget-text-editor\" data-id=\"4e1c3a4\" data-element_type=\"widget\" data-e-type=\"widget\" data-widget_type=\"text-editor.default\">\n\t\t\t\t<div class=\"elementor-widget-container\">\n\t\t\t\t\t\t\t\t\t<p>Un dels aspectes m\u00e9s comentats del llan\u00e7ament ha estat el nou model de subscripci\u00f3.<br>Amazon ha optat per una estrat\u00e8gia<strong> freemium<\/strong>, integrant l\u2019<strong>Alexa+<\/strong> dins de l\u2019ecosistema d\u2019Amazon Prime, per\u00f2 oferint opcions addicionals per a usuaris externs.<\/p><ul><li><strong>Usuaris Prime:<\/strong> acc\u00e9s gratu\u00eft a l\u2019Alexa+ sense cap cost addicional.<\/li><li><strong>Usuaris no Prime:<\/strong> subscripci\u00f3 mensual de 19,99 $ USD per accedir a totes les funcions.<\/li><li><strong>Plans futurs: <\/strong>Amazon estudia llan\u00e7ar nivells d\u2019acc\u00e9s escalonats, que combinaran funcions b\u00e0siques gratu\u00eftes amb opcions premium (per exemple, tasques complexes o personalitzaci\u00f3 avan\u00e7ada).<\/li><\/ul><p> <\/p><p>Aquest model permet a la companyia mantenir una base \u00e0mplia d\u2019usuaris mentre monetitza les funcions m\u00e9s avan\u00e7ades.<br>En termes estrat\u00e8gics, posiciona l\u2019Alexa+ com una plataforma d\u2019IA dom\u00e8stica amb potencial per convertir-se en un servei global, m\u00e9s enll\u00e0 dels altaveus intel\u00b7ligents.<\/p>\t\t\t\t\t\t\t\t<\/div>\n\t\t\t\t<\/div>\n\t\t\t\t<\/div>\n\t\t\t\t\t<\/div>\n\t\t\t\t<\/div>\n\t\t<div class=\"elementor-element elementor-element-d909b18 e-flex e-con-boxed e-con e-parent\" data-id=\"d909b18\" data-element_type=\"container\" data-e-type=\"container\">\n\t\t\t\t\t<div class=\"e-con-inner\">\n\t\t\t\t<div class=\"elementor-element elementor-element-072e857 elementor-widget elementor-widget-heading\" data-id=\"072e857\" data-element_type=\"widget\" data-e-type=\"widget\" data-widget_type=\"heading.default\">\n\t\t\t\t<div class=\"elementor-widget-container\">\n\t\t\t\t\t<h2 class=\"elementor-heading-title elementor-size-default\">Limitacions actuals i primeres cr\u00edtiques<\/h2>\t\t\t\t<\/div>\n\t\t\t\t<\/div>\n\t\t\t\t<div class=\"elementor-element elementor-element-40cca25 elementor-widget elementor-widget-text-editor\" data-id=\"40cca25\" data-element_type=\"widget\" data-e-type=\"widget\" data-widget_type=\"text-editor.default\">\n\t\t\t\t<div class=\"elementor-widget-container\">\n\t\t\t\t\t\t\t\t\t<p>Encara que el llan\u00e7ament de l\u2019<strong>Alexa+<\/strong> ha estat un dels moviments m\u00e9s ambiciosos d\u2019Amazon dels \u00faltims anys, el seu desplegament inicial no ha estat exempt de cr\u00edtiques ni de certa frustraci\u00f3 entre els primers usuaris.<br>L\u2019assistent promet una revoluci\u00f3 basada en IA generativa, per\u00f2 \u2014si m\u00e9s no per ara\u2014 <strong>encara \u00e9s lluny del seu m\u00e0xim potencial.<\/strong><\/p>\t\t\t\t\t\t\t\t<\/div>\n\t\t\t\t<\/div>\n\t\t<div class=\"elementor-element elementor-element-54bdd36 e-grid e-con-full e-con e-child\" data-id=\"54bdd36\" data-element_type=\"container\" data-e-type=\"container\">\n\t\t<div class=\"elementor-element elementor-element-e3e476b e-con-full e-flex e-con e-child\" data-id=\"e3e476b\" data-element_type=\"container\" data-e-type=\"container\">\n\t\t\t\t<div class=\"elementor-element elementor-element-09de8de elementor-widget elementor-widget-heading\" data-id=\"09de8de\" data-element_type=\"widget\" data-e-type=\"widget\" data-widget_type=\"heading.default\">\n\t\t\t\t<div class=\"elementor-widget-container\">\n\t\t\t\t\t<h3 class=\"elementor-heading-title elementor-size-default\">Funcions encara incompletes<\/h3>\t\t\t\t<\/div>\n\t\t\t\t<\/div>\n\t\t\t\t<div class=\"elementor-element elementor-element-6e885f4 elementor-widget elementor-widget-text-editor\" data-id=\"6e885f4\" data-element_type=\"widget\" data-e-type=\"widget\" data-widget_type=\"text-editor.default\">\n\t\t\t\t<div class=\"elementor-widget-container\">\n\t\t\t\t\t\t\t\t\t<p>Alguns dels aven\u00e7os m\u00e9s esperats, com la <strong>creaci\u00f3 aut\u00f2noma de rutines complexes, la integraci\u00f3 amb serveis de tercers<\/strong> o el <strong>reconeixement familiar per veu i imatge<\/strong>, encara no estan disponibles en la versi\u00f3 Early Access.<br>Segons mitjans com The Verge, Amazon va optar per llan\u00e7ar l\u2019Alexa+ de manera parcial per recopilar dades d\u2019\u00fas i ajustar el model abans del desplegament massiu.<\/p><p>La companyia ha confirmat que aquestes funcions s\u2019activaran de manera progressiva, per\u00f2 sense un calendari definitiu.<\/p>\t\t\t\t\t\t\t\t<\/div>\n\t\t\t\t<\/div>\n\t\t\t\t<\/div>\n\t\t<div class=\"elementor-element elementor-element-0d2f240 e-con-full e-flex e-con e-child\" data-id=\"0d2f240\" data-element_type=\"container\" data-e-type=\"container\">\n\t\t\t\t<div class=\"elementor-element elementor-element-ba1b189 elementor-widget elementor-widget-image\" data-id=\"ba1b189\" data-element_type=\"widget\" data-e-type=\"widget\" data-widget_type=\"image.default\">\n\t\t\t\t<div class=\"elementor-widget-container\">\n\t\t\t\t\t\t\t\t\t\t\t\t\t\t\t<img loading=\"lazy\" decoding=\"async\" width=\"300\" height=\"300\" src=\"https:\/\/www.xarxalia.com\/images\/funciones-incompletas.jpg\" class=\"attachment-medium size-medium wp-image-6414\" alt=\"Amazon Alexa+ funciones incompletas\" \/>\t\t\t\t\t\t\t\t\t\t\t\t\t\t\t<\/div>\n\t\t\t\t<\/div>\n\t\t\t\t<\/div>\n\t\t\t\t<\/div>\n\t\t<div class=\"elementor-element elementor-element-aec8156 e-grid e-con-full e-con e-child\" data-id=\"aec8156\" data-element_type=\"container\" data-e-type=\"container\">\n\t\t<div class=\"elementor-element elementor-element-f670b61 e-con-full e-flex e-con e-child\" data-id=\"f670b61\" data-element_type=\"container\" data-e-type=\"container\">\n\t\t\t\t<div class=\"elementor-element elementor-element-72b9f41 elementor-widget elementor-widget-heading\" data-id=\"72b9f41\" data-element_type=\"widget\" data-e-type=\"widget\" data-widget_type=\"heading.default\">\n\t\t\t\t<div class=\"elementor-widget-container\">\n\t\t\t\t\t<h3 class=\"elementor-heading-title elementor-size-default\">Precisi\u00f3 variable i el rendiment desigual<\/h3>\t\t\t\t<\/div>\n\t\t\t\t<\/div>\n\t\t\t\t<div class=\"elementor-element elementor-element-4d7cb51 elementor-widget elementor-widget-text-editor\" data-id=\"4d7cb51\" data-element_type=\"widget\" data-e-type=\"widget\" data-widget_type=\"text-editor.default\">\n\t\t\t\t<div class=\"elementor-widget-container\">\n\t\t\t\t\t\t\t\t\t<p>Les primeres proves de mitjans tecnol\u00f2gics informen d\u2019una <strong>taxa d\u2019encert d\u2019entre el 30 % i el 60 %<\/strong> en tasques complexes.<br>En ordres simples \u2014com reproduir m\u00fasica o controlar dispositius\u2014, el rendiment continua sent excel\u00b7lent, per\u00f2 les accions encadenades i les respostes obertes encara mostren inconsist\u00e8ncies.<\/p><p>Amazon assegura que est\u00e0 ajustant el model generatiu i que espera assolir una <strong>precisi\u00f3 del 90 %<\/strong> abans del seu desplegament internacional.<\/p>\t\t\t\t\t\t\t\t<\/div>\n\t\t\t\t<\/div>\n\t\t\t\t<\/div>\n\t\t<div class=\"elementor-element elementor-element-e703f94 e-con-full e-flex e-con e-child\" data-id=\"e703f94\" data-element_type=\"container\" data-e-type=\"container\">\n\t\t\t\t<div class=\"elementor-element elementor-element-e952917 elementor-widget elementor-widget-image\" data-id=\"e952917\" data-element_type=\"widget\" data-e-type=\"widget\" data-widget_type=\"image.default\">\n\t\t\t\t<div class=\"elementor-widget-container\">\n\t\t\t\t\t\t\t\t\t\t\t\t\t\t\t<img loading=\"lazy\" decoding=\"async\" width=\"300\" height=\"300\" src=\"https:\/\/www.xarxalia.com\/images\/precision-variable.jpg\" class=\"attachment-medium size-medium wp-image-6417\" alt=\"Amazon Alexa+ precisi\u00f3n variable y rendimiento desigual\" \/>\t\t\t\t\t\t\t\t\t\t\t\t\t\t\t<\/div>\n\t\t\t\t<\/div>\n\t\t\t\t<\/div>\n\t\t\t\t<\/div>\n\t\t<div class=\"elementor-element elementor-element-161222c e-grid e-con-full e-con e-child\" data-id=\"161222c\" data-element_type=\"container\" data-e-type=\"container\">\n\t\t<div class=\"elementor-element elementor-element-1a2f8b5 e-con-full e-flex e-con e-child\" data-id=\"1a2f8b5\" data-element_type=\"container\" data-e-type=\"container\">\n\t\t\t\t<div class=\"elementor-element elementor-element-e5fe07c elementor-widget elementor-widget-heading\" data-id=\"e5fe07c\" data-element_type=\"widget\" data-e-type=\"widget\" data-widget_type=\"heading.default\">\n\t\t\t\t<div class=\"elementor-widget-container\">\n\t\t\t\t\t<h3 class=\"elementor-heading-title elementor-size-default\">Publicitat i monetitzaci\u00f3 agressiva<\/h3>\t\t\t\t<\/div>\n\t\t\t\t<\/div>\n\t\t\t\t<div class=\"elementor-element elementor-element-9464b87 elementor-widget elementor-widget-text-editor\" data-id=\"9464b87\" data-element_type=\"widget\" data-e-type=\"widget\" data-widget_type=\"text-editor.default\">\n\t\t\t\t<div class=\"elementor-widget-container\">\n\t\t\t\t\t\t\t\t\t<p>Una altra font de cr\u00edtiques ha estat l\u2019aparici\u00f3 d\u2019<strong>anuncis a pantalla completa<\/strong> en alguns dispositius amb l\u2019Alexa+.<br>Diversos usuaris dels<strong> Echo Show <\/strong>han informat de b\u00e0ners o promocions que interrompen l\u2019experi\u00e8ncia visual, fet que ha generat debat sobre l\u2019equilibri entre utilitat i monetitzaci\u00f3.<\/p><p>Mitjans com Tom\u2019s Guide assenyalen que Amazon podria estar provant diferents formats publicitaris abans de definir la seva estrat\u00e8gia definitiva, incloent-hi la possibilitat de<strong> plans de pagament sense publicitat<\/strong>.<\/p>\t\t\t\t\t\t\t\t<\/div>\n\t\t\t\t<\/div>\n\t\t\t\t<\/div>\n\t\t<div class=\"elementor-element elementor-element-a2c0a37 e-con-full e-flex e-con e-child\" data-id=\"a2c0a37\" data-element_type=\"container\" data-e-type=\"container\">\n\t\t\t\t<div class=\"elementor-element elementor-element-54a5ca4 elementor-widget elementor-widget-image\" data-id=\"54a5ca4\" data-element_type=\"widget\" data-e-type=\"widget\" data-widget_type=\"image.default\">\n\t\t\t\t<div class=\"elementor-widget-container\">\n\t\t\t\t\t\t\t\t\t\t\t\t\t\t\t<img loading=\"lazy\" decoding=\"async\" width=\"300\" height=\"300\" src=\"https:\/\/www.xarxalia.com\/images\/publicidad-y-monetizacion-agresiva.jpg\" class=\"attachment-medium size-medium wp-image-6423\" alt=\"Amazon Alexa+ publicidad y monetizaci\u00f3n agresiva\" \/>\t\t\t\t\t\t\t\t\t\t\t\t\t\t\t<\/div>\n\t\t\t\t<\/div>\n\t\t\t\t<\/div>\n\t\t\t\t<\/div>\n\t\t<div class=\"elementor-element elementor-element-ab327dc e-grid e-con-full e-con e-child\" data-id=\"ab327dc\" data-element_type=\"container\" data-e-type=\"container\">\n\t\t<div class=\"elementor-element elementor-element-150181e e-con-full e-flex e-con e-child\" data-id=\"150181e\" data-element_type=\"container\" data-e-type=\"container\">\n\t\t\t\t<div class=\"elementor-element elementor-element-8cc76ac elementor-widget elementor-widget-heading\" data-id=\"8cc76ac\" data-element_type=\"widget\" data-e-type=\"widget\" data-widget_type=\"heading.default\">\n\t\t\t\t<div class=\"elementor-widget-container\">\n\t\t\t\t\t<h3 class=\"elementor-heading-title elementor-size-default\">Privadesa i gesti\u00f3 de la mem\u00f2ria<\/h3>\t\t\t\t<\/div>\n\t\t\t\t<\/div>\n\t\t\t\t<div class=\"elementor-element elementor-element-89a52bb elementor-widget elementor-widget-text-editor\" data-id=\"89a52bb\" data-element_type=\"widget\" data-e-type=\"widget\" data-widget_type=\"text-editor.default\">\n\t\t\t\t<div class=\"elementor-widget-container\">\n\t\t\t\t\t\t\t\t\t<p>La nova funci\u00f3 de <strong>mem\u00f2ria contextual <\/strong>\u2014capa\u00e7 de recordar noms, rutines o prefer\u00e8ncies\u2014 ha generat inquietud pel que fa a la privadesa.<br>Amazon ha respost que els usuaris poden <strong>veure, editar o eliminar<\/strong> les seves dades emmagatzemades en qualsevol moment des de l\u2019aplicaci\u00f3 Alexa, i que la informaci\u00f3 no es comparteix amb tercers sense consentiment.<\/p><p>Tot i aix\u00ed, alguns experts en seguretat recomanen precauci\u00f3, ja que un assistent amb mem\u00f2ria persistent implica noves responsabilitats en mat\u00e8ria de protecci\u00f3 de dades personals.<\/p>\t\t\t\t\t\t\t\t<\/div>\n\t\t\t\t<\/div>\n\t\t\t\t<\/div>\n\t\t<div class=\"elementor-element elementor-element-9f82962 e-con-full e-flex e-con e-child\" data-id=\"9f82962\" data-element_type=\"container\" data-e-type=\"container\">\n\t\t\t\t<div class=\"elementor-element elementor-element-fc2c86a elementor-widget elementor-widget-image\" data-id=\"fc2c86a\" data-element_type=\"widget\" data-e-type=\"widget\" data-widget_type=\"image.default\">\n\t\t\t\t<div class=\"elementor-widget-container\">\n\t\t\t\t\t\t\t\t\t\t\t\t\t\t\t<img loading=\"lazy\" decoding=\"async\" width=\"300\" height=\"300\" src=\"https:\/\/www.xarxalia.com\/images\/privacidad-y-gestion-de-la-memoria.jpg\" class=\"attachment-medium size-medium wp-image-6420\" alt=\"Amazon Alexa+ Privacidad y gesti\u00f3n de la memoria\" \/>\t\t\t\t\t\t\t\t\t\t\t\t\t\t\t<\/div>\n\t\t\t\t<\/div>\n\t\t\t\t<\/div>\n\t\t\t\t<\/div>\n\t\t<div class=\"elementor-element elementor-element-05cf8fb e-grid e-con-full e-con e-child\" data-id=\"05cf8fb\" data-element_type=\"container\" data-e-type=\"container\">\n\t\t<div class=\"elementor-element elementor-element-2ca6ad8 e-con-full e-flex e-con e-child\" data-id=\"2ca6ad8\" data-element_type=\"container\" data-e-type=\"container\">\n\t\t\t\t<div class=\"elementor-element elementor-element-044e8ad elementor-widget elementor-widget-heading\" data-id=\"044e8ad\" data-element_type=\"widget\" data-e-type=\"widget\" data-widget_type=\"heading.default\">\n\t\t\t\t<div class=\"elementor-widget-container\">\n\t\t\t\t\t<h3 class=\"elementor-heading-title elementor-size-default\">Reacci\u00f3 de la comunitat i dels mitjans<\/h3>\t\t\t\t<\/div>\n\t\t\t\t<\/div>\n\t\t\t\t<div class=\"elementor-element elementor-element-1d23bd1 elementor-widget elementor-widget-text-editor\" data-id=\"1d23bd1\" data-element_type=\"widget\" data-e-type=\"widget\" data-widget_type=\"text-editor.default\">\n\t\t\t\t<div class=\"elementor-widget-container\">\n\t\t\t\t\t\t\t\t\t<p>Malgrat les cr\u00edtiques, la recepci\u00f3 general ha estat<strong> positiva en termes d\u2019innovaci\u00f3<\/strong>.<br>Publicacions com Wired i Xataka destaquen que, tot i que el producte no est\u00e0 complet, <strong>marca l\u2019inici d\u2019una nova generaci\u00f3 d\u2019assistents de veu.<\/strong><br>Els usuaris valoren especialment la flu\u00efdesa conversacional i la sensaci\u00f3 de naturalitat, encara que reconeixen que encara hi manca \u201cel toc d\u2019intel\u00b7lig\u00e8ncia real\u201d que Amazon promet assolir amb futures actualitzacions.<\/p>\t\t\t\t\t\t\t\t<\/div>\n\t\t\t\t<\/div>\n\t\t\t\t<\/div>\n\t\t<div class=\"elementor-element elementor-element-8742694 e-con-full e-flex e-con e-child\" data-id=\"8742694\" data-element_type=\"container\" data-e-type=\"container\">\n\t\t\t\t<div class=\"elementor-element elementor-element-daac142 elementor-widget elementor-widget-image\" data-id=\"daac142\" data-element_type=\"widget\" data-e-type=\"widget\" data-widget_type=\"image.default\">\n\t\t\t\t<div class=\"elementor-widget-container\">\n\t\t\t\t\t\t\t\t\t\t\t\t\t\t\t<img loading=\"lazy\" decoding=\"async\" width=\"300\" height=\"300\" src=\"https:\/\/www.xarxalia.com\/images\/reaccion-de-la-comunidad-y-de-los-medios.jpg\" class=\"attachment-medium size-medium wp-image-6426\" alt=\"Amazon Alexa+ funciones a\u00fan incompletas\" \/>\t\t\t\t\t\t\t\t\t\t\t\t\t\t\t<\/div>\n\t\t\t\t<\/div>\n\t\t\t\t<\/div>\n\t\t\t\t<\/div>\n\t\t\t\t<div class=\"elementor-element elementor-element-adfb33c elementor-widget elementor-widget-text-editor\" data-id=\"adfb33c\" data-element_type=\"widget\" data-e-type=\"widget\" data-widget_type=\"text-editor.default\">\n\t\t\t\t<div class=\"elementor-widget-container\">\n\t\t\t\t\t\t\t\t\t<p>L\u2019Alexa+ \u00e9s, per ara, un projecte en construcci\u00f3:<strong> revolucionari en concepte, per\u00f2 experimental en execuci\u00f3<\/strong>.<br>Tot i aix\u00ed, representa un pas ferm cap al futur de la interacci\u00f3 amb la IA a la llar, on la conversa es converteix en la nova interf\u00edcie.<\/p>\t\t\t\t\t\t\t\t<\/div>\n\t\t\t\t<\/div>\n\t\t\t\t\t<\/div>\n\t\t\t\t<\/div>\n\t\t<div class=\"elementor-element elementor-element-c0c6689 e-flex e-con-boxed e-con e-parent\" data-id=\"c0c6689\" data-element_type=\"container\" data-e-type=\"container\" data-settings=\"{&quot;background_background&quot;:&quot;classic&quot;}\">\n\t\t\t\t\t<div class=\"e-con-inner\">\n\t\t\t\t<div class=\"elementor-element elementor-element-5637e3f elementor-widget elementor-widget-heading\" data-id=\"5637e3f\" data-element_type=\"widget\" data-e-type=\"widget\" data-widget_type=\"heading.default\">\n\t\t\t\t<div class=\"elementor-widget-container\">\n\t\t\t\t\t<h2 class=\"elementor-heading-title elementor-size-default\">Qu\u00e8 significa Alexa+ per al futur de la comunicaci\u00f3 digital<\/h2>\t\t\t\t<\/div>\n\t\t\t\t<\/div>\n\t\t\t\t<div class=\"elementor-element elementor-element-7d1fae6 elementor-widget elementor-widget-text-editor\" data-id=\"7d1fae6\" data-element_type=\"widget\" data-e-type=\"widget\" data-widget_type=\"text-editor.default\">\n\t\t\t\t<div class=\"elementor-widget-container\">\n\t\t\t\t\t\t\t\t\t<p>El llan\u00e7ament de l\u2019<strong>Alexa+<\/strong> no \u00e9s nom\u00e9s una actualitzaci\u00f3 tecnol\u00f2gica: \u00e9s un senyal clar de cap a on es dirigeix la comunicaci\u00f3 entre marques, usuaris i sistemes intel\u00b7ligents.<br>Per primera vegada, un assistent dom\u00e8stic \u00e9s capa\u00e7 <strong>d\u2019interpretar emocions<\/strong>, <strong>recordar contextos i respondre amb intenci\u00f3<\/strong>, cosa que transforma completament la manera com interactuem amb la informaci\u00f3.<\/p><p>La veu es consolida<strong> com el canal m\u00e9s natural de connexi\u00f3 digital<\/strong>, i Amazon ho sap.<br>Mentre Google explora el seu Mode IA i OpenAI experimenta amb el ChatGPT integrat en dispositius, l\u2019Alexa+ apunta a un model on<strong> la conversa es converteix en la interf\u00edcie principal<\/strong>.<br>Aix\u00f2 redefineix el concepte d\u2019usabilitat: ja no es tracta de fer clic o tocar, <strong>sin\u00f3 de parlar i ser ent\u00e8s.<\/strong><\/p>\t\t\t\t\t\t\t\t<\/div>\n\t\t\t\t<\/div>\n\t\t\t\t<div class=\"elementor-element elementor-element-7e74cc8 elementor-widget elementor-widget-heading\" data-id=\"7e74cc8\" data-element_type=\"widget\" data-e-type=\"widget\" data-widget_type=\"heading.default\">\n\t\t\t\t<div class=\"elementor-widget-container\">\n\t\t\t\t\t<h3 class=\"elementor-heading-title elementor-size-default\">La nova era del m\u00e0rqueting conversacional<\/h3>\t\t\t\t<\/div>\n\t\t\t\t<\/div>\n\t\t\t\t<div class=\"elementor-element elementor-element-00fd1d2 elementor-widget elementor-widget-text-editor\" data-id=\"00fd1d2\" data-element_type=\"widget\" data-e-type=\"widget\" data-widget_type=\"text-editor.default\">\n\t\t\t\t<div class=\"elementor-widget-container\">\n\t\t\t\t\t\t\t\t\t<p>Per a les empreses i marques, aquesta evoluci\u00f3 obre una oportunitat sense precedents.<br>L\u2019Alexa+ pot convertir-se en un nou punt de contacte entre consumidors i serveis, impulsant un <strong>m\u00e0rqueting conversacional m\u00e9s org\u00e0nic i personalitzat.<\/strong><\/p><p>En un futur proper, un usuari podr\u00e0 preguntar:<\/p><blockquote><p>\u201cAlexa, recomana\u2019m un despatx d\u2019advocats especialitzat en dret mercantil a Barcelona.\u201d<\/p><\/blockquote><p>I l\u2019assistent oferir\u00e0 resultats basats no nom\u00e9s en el SEO tradicional, sin\u00f3 tamb\u00e9 en l\u2019autoritat sem\u00e0ntica, la <strong>confian\u00e7a de marca i la qualitat del contingut<\/strong>.<br>Aix\u00f2 significa que les empreses hauran d\u2019optimitzar les seves estrat\u00e8gies de visibilitat perqu\u00e8 siguin compreses per aquestes IAs, no nom\u00e9s trobades pels cercadors.<\/p>\t\t\t\t\t\t\t\t<\/div>\n\t\t\t\t<\/div>\n\t\t\t\t<div class=\"elementor-element elementor-element-e80184a elementor-widget elementor-widget-image\" data-id=\"e80184a\" data-element_type=\"widget\" data-e-type=\"widget\" data-widget_type=\"image.default\">\n\t\t\t\t<div class=\"elementor-widget-container\">\n\t\t\t\t\t\t\t\t\t\t\t\t\t\t\t<img loading=\"lazy\" decoding=\"async\" width=\"300\" height=\"300\" src=\"https:\/\/www.xarxalia.com\/images\/alexa-plus-logo.jpg\" class=\"attachment-medium size-medium wp-image-6432\" alt=\"Alexa+ logo\" \/>\t\t\t\t\t\t\t\t\t\t\t\t\t\t\t<\/div>\n\t\t\t\t<\/div>\n\t\t\t\t<div class=\"elementor-element elementor-element-8d32e3e elementor-widget elementor-widget-heading\" data-id=\"8d32e3e\" data-element_type=\"widget\" data-e-type=\"widget\" data-widget_type=\"heading.default\">\n\t\t\t\t<div class=\"elementor-widget-container\">\n\t\t\t\t\t<h3 class=\"elementor-heading-title elementor-size-default\">Dels clics a les converses<\/h3>\t\t\t\t<\/div>\n\t\t\t\t<\/div>\n\t\t\t\t<div class=\"elementor-element elementor-element-6c9456f elementor-widget elementor-widget-text-editor\" data-id=\"6c9456f\" data-element_type=\"widget\" data-e-type=\"widget\" data-widget_type=\"text-editor.default\">\n\t\t\t\t<div class=\"elementor-widget-container\">\n\t\t\t\t\t\t\t\t\t<p>Amb l\u2019Alexa+ i altres models d\u2019IA generativa, la relaci\u00f3 entre usuaris i marques es torna m\u00e9s fluida i m\u00e9s natural.<br>Les cerques deixen de ser transaccionals i passen a ser<strong> experi\u00e8ncies conversacionals<\/strong>.<br>Cada interacci\u00f3 es converteix en una oportunitat per generar connexi\u00f3 i confian\u00e7a, valors que el SEO tradicional no podia mesurar amb tanta precisi\u00f3.<\/p>\t\t\t\t\t\t\t\t<\/div>\n\t\t\t\t<\/div>\n\t\t\t\t<div class=\"elementor-element elementor-element-cf2b346 elementor-widget elementor-widget-heading\" data-id=\"cf2b346\" data-element_type=\"widget\" data-e-type=\"widget\" data-widget_type=\"heading.default\">\n\t\t\t\t<div class=\"elementor-widget-container\">\n\t\t\t\t\t<h3 class=\"elementor-heading-title elementor-size-default\">Un canvi tamb\u00e9 per als creadors i desenvolupadors<\/h3>\t\t\t\t<\/div>\n\t\t\t\t<\/div>\n\t\t\t\t<div class=\"elementor-element elementor-element-e720a67 elementor-widget elementor-widget-text-editor\" data-id=\"e720a67\" data-element_type=\"widget\" data-e-type=\"widget\" data-widget_type=\"text-editor.default\">\n\t\t\t\t<div class=\"elementor-widget-container\">\n\t\t\t\t\t\t\t\t\t<p>L\u2019arribada de l\u2019Alexa+ implica tamb\u00e9 un repte t\u00e8cnic.<br>Les interf\u00edcies de veu, els continguts auditius i els entorns interactius requeriran una <strong>nova arquitectura de la informaci\u00f3<\/strong>, dissenyada per ser entesa per models d\u2019IA generativa.<br>A Xarxalia ho veiem com un pas natural: la web, el SEO i el desenvolupament han d\u2019evolucionar cap a un entorn<strong> m\u00e9s accessible, m\u00e9s conversacional i m\u00e9s hum\u00e0.<\/strong><\/p>\t\t\t\t\t\t\t\t<\/div>\n\t\t\t\t<\/div>\n\t\t\t\t<div class=\"elementor-element elementor-element-4063ff0 elementor-widget elementor-widget-heading\" data-id=\"4063ff0\" data-element_type=\"widget\" data-e-type=\"widget\" data-widget_type=\"heading.default\">\n\t\t\t\t<div class=\"elementor-widget-container\">\n\t\t\t\t\t<h3 class=\"elementor-heading-title elementor-size-default\">Una oportunitat per repensar la comunicaci\u00f3<\/h3>\t\t\t\t<\/div>\n\t\t\t\t<\/div>\n\t\t\t\t<div class=\"elementor-element elementor-element-25aa9e5 elementor-widget elementor-widget-text-editor\" data-id=\"25aa9e5\" data-element_type=\"widget\" data-e-type=\"widget\" data-widget_type=\"text-editor.default\">\n\t\t\t\t<div class=\"elementor-widget-container\">\n\t\t\t\t\t\t\t\t\t<p>En definitiva, l\u2019Alexa+ representa l\u2019inici d\u2019una etapa on la intel\u00b7lig\u00e8ncia artificial no substitueix el llenguatge hum\u00e0, sin\u00f3 que l\u2019amplifica.<br>Les marques que aprenguin a comunicar-se amb autenticitat \u2014tant amb les persones com amb les m\u00e0quines que les representen\u2014 seran les que aconseguiran destacar en aquesta nova era d\u2019interacci\u00f3.<\/p>\t\t\t\t\t\t\t\t<\/div>\n\t\t\t\t<\/div>\n\t\t\t\t\t<\/div>\n\t\t\t\t<\/div>\n\t\t<div class=\"elementor-element elementor-element-90b21ae e-flex e-con-boxed e-con e-parent\" data-id=\"90b21ae\" data-element_type=\"container\" data-e-type=\"container\">\n\t\t\t\t\t<div class=\"e-con-inner\">\n\t\t\t\t<div class=\"elementor-element elementor-element-906c95e elementor-widget elementor-widget-heading\" data-id=\"906c95e\" data-element_type=\"widget\" data-e-type=\"widget\" data-widget_type=\"heading.default\">\n\t\t\t\t<div class=\"elementor-widget-container\">\n\t\t\t\t\t<h2 class=\"elementor-heading-title elementor-size-default\">La nova veu de la intel\u00b7lig\u00e8ncia<\/h2>\t\t\t\t<\/div>\n\t\t\t\t<\/div>\n\t\t\t\t<div class=\"elementor-element elementor-element-b5c955d elementor-widget elementor-widget-text-editor\" data-id=\"b5c955d\" data-element_type=\"widget\" data-e-type=\"widget\" data-widget_type=\"text-editor.default\">\n\t\t\t\t<div class=\"elementor-widget-container\">\n\t\t\t\t\t\t\t\t\t<p><strong>L\u2019Alexa+<\/strong> \u00e9s molt m\u00e9s que una actualitzaci\u00f3 de programari: \u00e9s un manifest tecnol\u00f2gic.<br>Amazon no nom\u00e9s ha presentat una versi\u00f3 m\u00e9s avan\u00e7ada del seu assistent, sin\u00f3 que ha introdu\u00eft un nou paradigma en la relaci\u00f3 entre humans i intel\u00b7lig\u00e8ncia artificial.<\/p><p>Amb aquesta evoluci\u00f3, la veu deixa de ser una eina de control per convertir-se en un<strong> mitj\u00e0 de connexi\u00f3 i comprensi\u00f3<\/strong>.<br>Per primera vegada, un assistent dom\u00e8stic pot entendre matisos, recordar experi\u00e8ncies i generar respostes que semblen provenir d\u2019una conversa real.<br>I aix\u00f2 ho canvia tot: la manera com busquem, ens informem i ens comuniquem amb la tecnologia.<\/p><p>Per\u00f2 aquest aven\u00e7 tamb\u00e9 ens recorda una cosa essencial: la intel\u00b7lig\u00e8ncia artificial <strong>nom\u00e9s t\u00e9 sentit si es posa al servei de les persones<\/strong>.<br>Per aix\u00f2, a Xarxalia seguim de prop cada innovaci\u00f3 \u2014no per deixar-nos enlluernar per la novetat, sin\u00f3 per entendre com pot millorar la manera en qu\u00e8 les marques comuniquen, els usuaris experimenten i les idees prenen vida.<\/p><p>El futur de la comunicaci\u00f3 digital ja no es troba en els clics, sin\u00f3 en les converses.<br>I mentre la intel\u00b7lig\u00e8ncia artificial apr\u00e8n a parlar amb nosaltres, nosaltres hem d\u2019aprendre a fer-ho amb ella.<\/p><p>A Xarxalia treballem perqu\u00e8 aquesta conversa sigui<strong> humana<\/strong>, coherent i estrat\u00e8gica, integrant tecnologies com la IA generativa perqu\u00e8 les marques no nom\u00e9s s\u2019adaptin al canvi, sin\u00f3 que liderin el seu propi discurs digital.<\/p><p>Perqu\u00e8 la nova veu de la intel\u00b7lig\u00e8ncia ja sona\u2026 i \u00e9s m\u00e9s a prop del que et penses.<\/p>\t\t\t\t\t\t\t\t<\/div>\n\t\t\t\t<\/div>\n\t\t\t\t<div class=\"elementor-element elementor-element-754a930 elementor-align-center elementor-widget elementor-widget-button\" data-id=\"754a930\" data-element_type=\"widget\" data-e-type=\"widget\" data-widget_type=\"button.default\">\n\t\t\t\t<div class=\"elementor-widget-container\">\n\t\t\t\t\t\t\t\t\t<div class=\"elementor-button-wrapper\">\n\t\t\t\t\t<a class=\"elementor-button elementor-button-link elementor-size-sm\" href=\"https:\/\/www.xarxalia.com\/ca\/contact-us\/\">\n\t\t\t\t\t\t<span class=\"elementor-button-content-wrapper\">\n\t\t\t\t\t\t\t\t\t<span class=\"elementor-button-text\">CONTACTA AMB XARXALIA<\/span>\n\t\t\t\t\t<\/span>\n\t\t\t\t\t<\/a>\n\t\t\t\t<\/div>\n\t\t\t\t\t\t\t\t<\/div>\n\t\t\t\t<\/div>\n\t\t\t\t\t<\/div>\n\t\t\t\t<\/div>\n\t\t\t\t<\/div>\n\t\t","protected":false},"excerpt":{"rendered":"<p>Un anunci que marca un punt d\u2019inflexi\u00f3 Amazon ha tornat a moure les peces del tauler tecnol\u00f2gic amb un anunci que promet redefinir la interacci\u00f3 entre humans i m\u00e0quines.El febrer del 2025, la companyia va presentar oficialment Alexa+, l\u2019evoluci\u00f3 del seu fam\u00f3s assistent de veu, ara potenciat per intel\u00b7lig\u00e8ncia artificial generativa. El missatge va ser<a href=\"https:\/\/www.xarxalia.com\/ca\/actualitat-2\/alexa-plus-la-nova-intelligencia\/\">Continue reading <span class=\"sr-only\">&#8220;Alexa+: el nou cervell intel\u00b7ligent d\u2019Amazon&#8221;<\/span><\/a><\/p>\n","protected":false},"author":1,"featured_media":6436,"comment_status":"closed","ping_status":"closed","sticky":false,"template":"","format":"standard","meta":{"_acf_changed":false,"inline_featured_image":false,"footnotes":""},"categories":[43],"tags":[],"class_list":["post-6463","post","type-post","status-publish","format-standard","has-post-thumbnail","hentry","category-actualitat-2"],"acf":[],"_links":{"self":[{"href":"https:\/\/www.xarxalia.com\/ca\/wp-json\/wp\/v2\/posts\/6463","targetHints":{"allow":["GET"]}}],"collection":[{"href":"https:\/\/www.xarxalia.com\/ca\/wp-json\/wp\/v2\/posts"}],"about":[{"href":"https:\/\/www.xarxalia.com\/ca\/wp-json\/wp\/v2\/types\/post"}],"author":[{"embeddable":true,"href":"https:\/\/www.xarxalia.com\/ca\/wp-json\/wp\/v2\/users\/1"}],"replies":[{"embeddable":true,"href":"https:\/\/www.xarxalia.com\/ca\/wp-json\/wp\/v2\/comments?post=6463"}],"version-history":[{"count":4,"href":"https:\/\/www.xarxalia.com\/ca\/wp-json\/wp\/v2\/posts\/6463\/revisions"}],"predecessor-version":[{"id":7011,"href":"https:\/\/www.xarxalia.com\/ca\/wp-json\/wp\/v2\/posts\/6463\/revisions\/7011"}],"wp:featuredmedia":[{"embeddable":true,"href":"https:\/\/www.xarxalia.com\/ca\/wp-json\/wp\/v2\/media\/6436"}],"wp:attachment":[{"href":"https:\/\/www.xarxalia.com\/ca\/wp-json\/wp\/v2\/media?parent=6463"}],"wp:term":[{"taxonomy":"category","embeddable":true,"href":"https:\/\/www.xarxalia.com\/ca\/wp-json\/wp\/v2\/categories?post=6463"},{"taxonomy":"post_tag","embeddable":true,"href":"https:\/\/www.xarxalia.com\/ca\/wp-json\/wp\/v2\/tags?post=6463"}],"curies":[{"name":"wp","href":"https:\/\/api.w.org\/{rel}","templated":true}]}}